{"id":302,"date":"2025-03-09T10:41:16","date_gmt":"2025-03-09T10:41:16","guid":{"rendered":"https:\/\/agathevidal.com\/?p=302"},"modified":"2025-03-28T15:16:10","modified_gmt":"2025-03-28T15:16:10","slug":"la-cruaute-est-telle-un-handicap","status":"publish","type":"post","link":"https:\/\/agathevidal.fr\/?p=302","title":{"rendered":"La cruaut\u00e9 est t&rsquo;elle un handicap ?"},"content":{"rendered":"\n<figure class=\"wp-block-image size-full\"><img loading=\"lazy\" decoding=\"async\" width=\"500\" height=\"421\" src=\"http:\/\/agathevidal.com\/wp-content\/uploads\/2025\/03\/roman-de-la-rose.jpg\" alt=\"\" class=\"wp-image-303\" srcset=\"https:\/\/agathevidal.fr\/wp-content\/uploads\/2025\/03\/roman-de-la-rose.jpg 500w, https:\/\/agathevidal.fr\/wp-content\/uploads\/2025\/03\/roman-de-la-rose-300x253.jpg 300w\" sizes=\"auto, (max-width: 500px) 100vw, 500px\" \/><\/figure>\n\n\n\n<p>On parle beaucoup d entreprises toxiques , de pervers narcissiques et le vocabulaire nous offre tout une gamme d\u2019expressions fleuries pour justifier les logiques interactionelles au sein de nos organisations, mais ces ph\u00e9nom\u00e8nes ne sont t&rsquo;il par l&rsquo;expression de certaines pratiques de notre civilisation?<\/p>\n\n\n\n<p>Cette cruaut\u00e9, est -elle la reproduction d&rsquo;un h\u00e9ritage ou  bien le signe d&rsquo;une souffrance plus profonde ? Si l&rsquo;exp\u00e9rience de Milgram la pose comme  tendance \u00ab\u00a0naturelle\u00a0\u00bb,  ses multiples  variantes ne seraient donc que l&rsquo;illustration d&rsquo;un mal plus profond?<\/p>\n\n\n\n<blockquote class=\"wp-block-quote is-layout-flow wp-block-quote-is-layout-flow\">\n<blockquote class=\"wp-block-quote is-layout-flow wp-block-quote-is-layout-flow\">\n<p>\u00ab\u00a0<strong>On apprend que le mot \u00ab\u202fesclave\u202f\u00bb vient de la traite des peuples slaves sous le haut Moyen \u00c2ge et que Verdun n\u2019a pas attendu la Grande Guerre pour devenir le th\u00e9\u00e2tre d\u2019une boucherie inf\u00e2me\u2026<\/strong>\u00ab\u00a0<\/p>\n\n\n\n<p>PPRISCILLE LAMURE, <em>DR\u00d4LE(S) D&rsquo;HISTOIRE(S), CABINET DE CURIOSIT\u00c9S HISTORIQUES ET D\u00c9JANT\u00c9E<\/em>S, Editions du Tresor, 2018<\/p>\n<\/blockquote>\n<\/blockquote>\n\n\n\n<p>De la soumission \u00e0 l\u2019 impuissance,  la culture de l\u2019entreprise bien loin de celle affich\u00e9e sur ses diff\u00e9rents engagements,  devient alors le symbole d&rsquo;un lieu de souffrance et de reproduction des pires facettes de notre humanit\u00e9. <\/p>\n\n\n\n<p> C\u2019est g\u00e9n\u00e9ralement a ce moment ou l\u2019on va faire appel \u00e0 mes services.&nbsp;Outre la r\u00e9flexion historique propos\u00e9e dans cet article, la prise de conscience des entreprises \u00ab\u00a0bienveillantes\u00a0\u00bb se posera comme une prise de conscience de ses ambitions face aux moyens quelle met en oeuvre pour y parvenir, \u00e0 savoir son fonctionnement.<\/p>\n\n\n\n<p>Apr\u00e8s un ou deux proc\u00e8s, j\u2019entendrai dans les entretiens des phrases du type : <\/p>\n\n\n\n<p>\u00ab&nbsp;Tout le monde savait dirions nous ! Mais nous ne pouvons pas ..&nbsp;\u00bb. <\/p>\n\n\n\n<p>La culture de la peur a l\u2019\u00e9gard de ces  personnes qualifi\u00e9es par Levinas comme  \u00ab\u00a0sans visages\u00a0\u00bb permet de mieux appr\u00e9hender leurs  souffrances.<\/p>\n\n\n\n<p>La souffrance des \u00ab\u00a0sans visages\u00a0\u00bb \u00e9tant entretenue culturellement et  g\u00e9n\u00e9r\u00e9e  par une lourde structure administrative n\u2019est pas \u00ab&nbsp;tr\u00e8s&nbsp;\u00bb propice a la transparence et \u00e0 la confiance ainsi le silence reste de mise et le syst\u00e8me de reproduction de la cruaut\u00e9 se poursuit. La violence devient ainsi un mode d&rsquo;interaction comme un autre.<\/p>\n\n\n\n<p>N\u00e9anmoins ce ph\u00e9nom\u00e8ne n\u2019est pas nouveau, si nous l\u2019avons tous c\u00f4toy\u00e9, nous  entendons r\u00e9guli\u00e8rement les aventures de ceux qui autour de nous travaillent dans \u00ab&nbsp;un panier de crabes&nbsp;\u00bb.<\/p>\n\n\n\n<p>Lorsque les soci\u00e9t\u00e9s de conseil \u00e9valuent les co\u00fbts financiers et humains de ces \u00ab&nbsp;tyrans \u00bb tout porte \u00e0 croire qu\u2019une psychoth\u00e9rapie individuelle (1) aurait \u00e9t\u00e9 plus appropri\u00e9e, mais comment  proposer une telle prise en charge? <\/p>\n\n\n\n<p>Est ce vraiment le r\u00f4le des entreprises d&rsquo;orienter ses salari\u00e9s vers des structures psychiatriques?<\/p>\n\n\n\n<p>Comment la pr\u00e9vention des risques pssycho-sociaux peut-elle apporter une r\u00e9ponse \u00e0 ce dileme?<\/p>\n\n\n\n<p>Si le silence est de mise, car personne n&rsquo;aime s&rsquo;entendre dire qu&rsquo;il doit \u00ab\u00a0consulter\u00a0\u00bb comment alors faire entendre cette souffrance qui habite ceux qui l&rsquo;a font subir ?<\/p>\n\n\n\n<p>Quel lien pouvons nous observer entre la souffrance qui se taie et la violence par laquelle elle se manifeste.<\/p>\n\n\n\n<p>Si il est ais\u00e9 de realiser un audit , (car au de la des cons\u00e9quences juridiques, c&rsquo;est surtout la repercussion sur la production qui sont ici vis\u00e9s ). En revanche , la question ici serait  de savoir si la  culture du tyran, en tant que mode de soumission et se manifestant comme une violence quotidienne, est  un handicap pour l\u2019entreprise et les institutions ? <\/p>\n\n\n\n<p>Ou si au contraire, n&rsquo;\u00e9tant que la face \u00ab\u00a0sombre\u00a0\u00bb de notre humanit\u00e9, ne se contentant que de \u00ab\u00a0reproduire\u00a0\u00bb notre culture, s&rsquo;int\u00e9grant  parfaitement dans le paysage , pouvant m\u00eame  am\u00e9liorer les performance de l&rsquo;organisation?<\/p>\n\n\n\n<figure class=\"wp-block-image size-large\"><a href=\"https:\/\/www.editionsladecouverte.fr\/un_si_fragile_vernis_d_humanite-9782707153265\"><img loading=\"lazy\" decoding=\"async\" width=\"636\" height=\"1024\" src=\"http:\/\/agathevidal.com\/wp-content\/uploads\/2025\/03\/Unknown-636x1024.jpeg\" alt=\"\" class=\"wp-image-318\" srcset=\"https:\/\/agathevidal.fr\/wp-content\/uploads\/2025\/03\/Unknown-636x1024.jpeg 636w, https:\/\/agathevidal.fr\/wp-content\/uploads\/2025\/03\/Unknown-186x300.jpeg 186w, https:\/\/agathevidal.fr\/wp-content\/uploads\/2025\/03\/Unknown.jpeg 643w\" sizes=\"auto, (max-width: 636px) 100vw, 636px\" \/><\/a><\/figure>\n\n\n\n<figure class=\"wp-block-image size-full\"><a href=\"https:\/\/www.dunod.com\/sciences-humaines-et-sociales\/sexualites-et-transgressions-question-alterite\"><img loading=\"lazy\" decoding=\"async\" width=\"402\" height=\"508\" src=\"http:\/\/agathevidal.com\/wp-content\/uploads\/2025\/03\/sexualite-et-trasngression.jpeg\" alt=\"\" class=\"wp-image-321\" srcset=\"https:\/\/agathevidal.fr\/wp-content\/uploads\/2025\/03\/sexualite-et-trasngression.jpeg 402w, https:\/\/agathevidal.fr\/wp-content\/uploads\/2025\/03\/sexualite-et-trasngression-237x300.jpeg 237w\" sizes=\"auto, (max-width: 402px) 100vw, 402px\" \/><\/a><\/figure>\n\n\n\n<p>(1) Si on nous demande de \u00ab&nbsp;d\u00e9tecter&nbsp;\u00bb le tyran cela ne peut se faire sans un accompagnement psychologique.<\/p>\n\n\n\n<figure class=\"wp-block-image size-full\"><a href=\"https:\/\/shs.cairn.info\/victimes-et-auteurs-de-violence-sexuelle--9782100749379?lang=fr\"><img loading=\"lazy\" decoding=\"async\" width=\"189\" height=\"267\" src=\"http:\/\/agathevidal.com\/wp-content\/uploads\/2025\/03\/victimes-et-violences.png\" alt=\"\" class=\"wp-image-324\"\/><\/a><\/figure>\n\n\n\n<p><\/p>\n","protected":false},"excerpt":{"rendered":"<p>On parle beaucoup d entreprises toxiques , de pervers narcissiques et le vocabulaire nous offre tout une gamme d\u2019expressions fleuries pour justifier les logiques interactionelles au sein de nos organisations, mais ces ph\u00e9nom\u00e8nes ne sont t&rsquo;il par l&rsquo;expression de certaines pratiques de notre civilisation? Cette cruaut\u00e9, est -elle la reproduction d&rsquo;un h\u00e9ritage ou bien le [&hellip;]<\/p>\n","protected":false},"author":1,"featured_media":0,"comment_status":"open","ping_status":"open","sticky":false,"template":"","format":"standard","meta":{"footnotes":""},"categories":[1],"tags":[],"class_list":["post-302","post","type-post","status-publish","format-standard","hentry","category-uncategorized"],"aioseo_notices":[],"_links":{"self":[{"href":"https:\/\/agathevidal.fr\/index.php?rest_route=\/wp\/v2\/posts\/302","targetHints":{"allow":["GET"]}}],"collection":[{"href":"https:\/\/agathevidal.fr\/index.php?rest_route=\/wp\/v2\/posts"}],"about":[{"href":"https:\/\/agathevidal.fr\/index.php?rest_route=\/wp\/v2\/types\/post"}],"author":[{"embeddable":true,"href":"https:\/\/agathevidal.fr\/index.php?rest_route=\/wp\/v2\/users\/1"}],"replies":[{"embeddable":true,"href":"https:\/\/agathevidal.fr\/index.php?rest_route=%2Fwp%2Fv2%2Fcomments&post=302"}],"version-history":[{"count":9,"href":"https:\/\/agathevidal.fr\/index.php?rest_route=\/wp\/v2\/posts\/302\/revisions"}],"predecessor-version":[{"id":325,"href":"https:\/\/agathevidal.fr\/index.php?rest_route=\/wp\/v2\/posts\/302\/revisions\/325"}],"wp:attachment":[{"href":"https:\/\/agathevidal.fr\/index.php?rest_route=%2Fwp%2Fv2%2Fmedia&parent=302"}],"wp:term":[{"taxonomy":"category","embeddable":true,"href":"https:\/\/agathevidal.fr\/index.php?rest_route=%2Fwp%2Fv2%2Fcategories&post=302"},{"taxonomy":"post_tag","embeddable":true,"href":"https:\/\/agathevidal.fr\/index.php?rest_route=%2Fwp%2Fv2%2Ftags&post=302"}],"curies":[{"name":"wp","href":"https:\/\/api.w.org\/{rel}","templated":true}]}}