{"id":292,"date":"2025-03-07T18:50:30","date_gmt":"2025-03-07T18:50:30","guid":{"rendered":"https:\/\/agathevidal.com\/?p=292"},"modified":"2025-03-07T18:50:30","modified_gmt":"2025-03-07T18:50:30","slug":"evenement","status":"publish","type":"post","link":"https:\/\/agathevidal.fr\/?p=292","title":{"rendered":"Evenement"},"content":{"rendered":"\n<p>\u201c<em>Chef d\u2019orchestre de notre organisme, <strong>le cerveau <\/strong>nous livre peu \u00e0 peu ses secrets. Son implication dans tous nos faits et gestes, dans notre humeur, dans la r\u00e9alit\u00e9 de notre quotidien fascine toujours autant les scientifiques.&nbsp;<\/em><\/p>\n\n\n\n<p><em>En 2025, Neuroplan\u00e8te f\u00eatera dix ans de succ\u00e8s et inscrira une partie de sa programmation dans la dynamique scientifique cr\u00e9\u00e9e par l\u2019organisation de <strong>l\u2019UNOC \u00e0 Nice en juin<\/strong>. En marge des conf\u00e9rences, des ateliers proposeront au grand public de mieux comprendre et d\u2019appr\u00e9hender le fonctionnement et les m\u00e9canismes <strong>du cerveau<\/strong>. \u201c&nbsp;<\/em><\/p>\n\n\n\n<figure class=\"wp-block-gallery has-nested-images columns-default is-cropped wp-block-gallery-1 is-layout-flex wp-block-gallery-is-layout-flex\">\n<figure class=\"wp-block-image size-large\"><img loading=\"lazy\" decoding=\"async\" width=\"769\" height=\"1024\" data-id=\"293\" src=\"http:\/\/agathevidal.com\/wp-content\/uploads\/2025\/03\/Affiche-finale-769x1024.jpeg\" alt=\"\" class=\"wp-image-293\" srcset=\"https:\/\/agathevidal.fr\/wp-content\/uploads\/2025\/03\/Affiche-finale-769x1024.jpeg 769w, https:\/\/agathevidal.fr\/wp-content\/uploads\/2025\/03\/Affiche-finale-225x300.jpeg 225w, https:\/\/agathevidal.fr\/wp-content\/uploads\/2025\/03\/Affiche-finale-768x1023.jpeg 768w, https:\/\/agathevidal.fr\/wp-content\/uploads\/2025\/03\/Affiche-finale-1153x1536.jpeg 1153w, https:\/\/agathevidal.fr\/wp-content\/uploads\/2025\/03\/Affiche-finale-1538x2048.jpeg 1538w, https:\/\/agathevidal.fr\/wp-content\/uploads\/2025\/03\/Affiche-finale-1200x1598.jpeg 1200w, https:\/\/agathevidal.fr\/wp-content\/uploads\/2025\/03\/Affiche-finale-1980x2637.jpeg 1980w, https:\/\/agathevidal.fr\/wp-content\/uploads\/2025\/03\/Affiche-finale-scaled.jpeg 1922w\" sizes=\"auto, (max-width: 769px) 100vw, 769px\" \/><\/figure>\n<\/figure>\n","protected":false},"excerpt":{"rendered":"<p>\u201cChef d\u2019orchestre de notre organisme, le cerveau nous livre peu \u00e0 peu ses secrets. Son implication dans tous nos faits et gestes, dans notre humeur, dans la r\u00e9alit\u00e9 de notre quotidien fascine toujours autant les scientifiques.&nbsp; En 2025, Neuroplan\u00e8te f\u00eatera dix ans de succ\u00e8s et inscrira une partie de sa programmation dans la dynamique scientifique [&hellip;]<\/p>\n","protected":false},"author":1,"featured_media":0,"comment_status":"open","ping_status":"open","sticky":false,"template":"","format":"standard","meta":{"footnotes":""},"categories":[1],"tags":[],"class_list":["post-292","post","type-post","status-publish","format-standard","hentry","category-uncategorized"],"aioseo_notices":[],"_links":{"self":[{"href":"https:\/\/agathevidal.fr\/index.php?rest_route=\/wp\/v2\/posts\/292","targetHints":{"allow":["GET"]}}],"collection":[{"href":"https:\/\/agathevidal.fr\/index.php?rest_route=\/wp\/v2\/posts"}],"about":[{"href":"https:\/\/agathevidal.fr\/index.php?rest_route=\/wp\/v2\/types\/post"}],"author":[{"embeddable":true,"href":"https:\/\/agathevidal.fr\/index.php?rest_route=\/wp\/v2\/users\/1"}],"replies":[{"embeddable":true,"href":"https:\/\/agathevidal.fr\/index.php?rest_route=%2Fwp%2Fv2%2Fcomments&post=292"}],"version-history":[{"count":1,"href":"https:\/\/agathevidal.fr\/index.php?rest_route=\/wp\/v2\/posts\/292\/revisions"}],"predecessor-version":[{"id":294,"href":"https:\/\/agathevidal.fr\/index.php?rest_route=\/wp\/v2\/posts\/292\/revisions\/294"}],"wp:attachment":[{"href":"https:\/\/agathevidal.fr\/index.php?rest_route=%2Fwp%2Fv2%2Fmedia&parent=292"}],"wp:term":[{"taxonomy":"category","embeddable":true,"href":"https:\/\/agathevidal.fr\/index.php?rest_route=%2Fwp%2Fv2%2Fcategories&post=292"},{"taxonomy":"post_tag","embeddable":true,"href":"https:\/\/agathevidal.fr\/index.php?rest_route=%2Fwp%2Fv2%2Ftags&post=292"}],"curies":[{"name":"wp","href":"https:\/\/api.w.org\/{rel}","templated":true}]}}