{"id":15,"date":"2019-08-12T13:00:00","date_gmt":"2019-08-12T13:00:00","guid":{"rendered":"http:\/\/www.agathevidal.com\/?p=15"},"modified":"2022-12-17T18:08:22","modified_gmt":"2022-12-17T18:08:22","slug":"travailler-sa-pensee-et-son-esprit-critique-avec-agathe-consultante-en-philosophie","status":"publish","type":"post","link":"https:\/\/agathevidal.fr\/?p=15","title":{"rendered":"Travailler sa pens\u00e9e et son esprit critique avec Agathe \u2013 consultante en philosophie"},"content":{"rendered":"\n<p><\/p>\n\n\n\n<p><\/p>\n\n\n\n<p>&#8212;&#8211;<\/p>\n\n\n\n<p><\/p>\n\n\n\n<blockquote class=\"wp-block-quote is-layout-flow wp-block-quote-is-layout-flow\">\n<p><em>La philosophie est une discipline assez peu pratiqu\u00e9e en France, en dehors des \u00e9coles et des universit\u00e9s. Agathe, consultante en philosophie&nbsp;depuis une dizaines d\u2019ann\u00e9es nous propose ici de d\u00e9couvrir ou de red\u00e9couvrir les subtilit\u00e9s de la philosophie. D\u00e9couvrez le point de vue de cette passionn\u00e9e, autour de cette science de la pens\u00e9e\u2026<\/em><br><strong>Temps de lecture : 6 min \u2013 Partagez votre avis \u00e0 la fin de l\u2019article&nbsp;\ud83d\ude42<\/strong><\/p>\n<\/blockquote>\n\n\n\n<figure class=\"wp-block-image\"><img decoding=\"async\" src=\"https:\/\/mouz.fr\/wp-content\/uploads\/2020\/06\/Interview-n%C2%B06-2-1024x538.jpg\" alt=\"Travailler son esprit critique avec la philosophie\" class=\"wp-image-3647\"\/><\/figure>\n\n\n\n<h2 class=\"wp-block-heading\">1)&nbsp;<strong><em>Est-ce que tu pourrais te pr\u00e9senter et nous raconter quel est ton parcours ?<\/em><\/strong><\/h2>\n\n\n\n<p>Je m\u2019appelle Agathe Vidal et suis consultante et formatrice sp\u00e9cialis\u00e9e en philosophie. Tr\u00e8s t\u00f4t, je me suis int\u00e9ress\u00e9e \u00e0 cette science et ai eu envie de la rendre accessible au plus grand nombre. Apr\u00e8s un master 2 de recherche en philosophie, j\u2019ai commenc\u00e9 \u00e0 travailler en France, aux \u00c9tats-Unis puis je suis partie en Belgique pour enseigner cette discipline.<\/p>\n\n\n\n<p>Que ce soit dans des lyc\u00e9es, dans des institutions ou dans une prison, chaque individu \u00e0 la capacit\u00e9 de travailler sa pens\u00e9e. En 2008, j\u2019ai fait le choix d\u2019enseigner la philosophie \u00e0 des personnes incarc\u00e9r\u00e9es. L\u2019enjeu \u00e9tait de d\u00e9velopper des contenus et outils m\u00e9thodologiques permettant une transmission philosophique. Accompagner la r\u00e9flexion d\u2019une autre mani\u00e8re autour d\u2019une des oeuvres de&nbsp;<em>Bergson<\/em>, afin qu\u2019ils puissent redevenir sujet gr\u00e2ce au texte et ainsi retrouver une forme de libert\u00e9.<\/p>\n\n\n\n<blockquote class=\"wp-block-quote is-layout-flow wp-block-quote-is-layout-flow\">\n<p><em>\u00ab C\u2019est finalement une succession d\u2019\u00e9v\u00e8nements, de rencontres et d\u2019\u00e9changes avec mes \u00e9l\u00e8ves qui m\u2019ont orient\u00e9 vers l\u2019entrepreneuriat. \u00bb<\/em><\/p>\n<\/blockquote>\n\n\n\n<p>Avant de cr\u00e9er ma soci\u00e9t\u00e9&nbsp;<a rel=\"noreferrer noopener\" href=\"http:\/\/institutcogito.com\/\" target=\"_blank\">L\u2019Institut Cogito<\/a>&nbsp;en 2017, j\u2019ai travaill\u00e9 plusieurs ann\u00e9es dans le domaine priv\u00e9 en parall\u00e8le de mes activit\u00e9s de recherche et d\u2019enseignement. C\u2019est finalement une succession d\u2019\u00e9v\u00e8nements, de rencontres et d\u2019\u00e9changes avec mes \u00e9l\u00e8ves qui m\u2019ont orient\u00e9 vers le choix de l\u2019entrepreneuriat. Aujourd\u2019hui, je propose des formations sur mesure, des ateliers et des \u00e9v\u00e8nements permettant \u00e0 chacun de s\u2019approprier l\u2019\u00e9thique et la philosophie.<\/p>\n\n\n\n<h2 class=\"wp-block-heading\">2)<strong><em>&nbsp;Quels sont les enjeux et les challenges pour faire d\u00e9couvrir la philosophie ?<\/em><\/strong><\/h2>\n\n\n\n<p>Je dirais essentiellement le fait de m\u2019adapter \u00e0 tous les publics pour que la philosophie soit accessible \u00e0 tous les niveaux. Cela m\u2019anime au quotidien, devoir s\u2019adapter aux personnes, \u00e0 leur histoire et \u00e0 leur formation initiale en leur apportant des outils pour travailler leur pens\u00e9e.<\/p>\n\n\n\n<blockquote class=\"wp-block-quote is-layout-flow wp-block-quote-is-layout-flow\">\n<p><em>\u00ab Les grecs anciens consid\u00e9raient qu\u2019il n\u2019\u00e9tait pas possible de travailler sa pens\u00e9e sans tenir compte du d\u00e9veloppement physique. \u00bb<\/em><\/p>\n<\/blockquote>\n\n\n\n<p>En plus de la cr\u00e9ation de formation, j\u2019organise des stages qui allient la philosophie et la pratique d\u2019activit\u00e9s sportives. Les grecs anciens consid\u00e9raient qu\u2019il n\u2019\u00e9tait pas possible de travailler sa pens\u00e9e sans tenir compte du d\u00e9veloppement physique. C\u2019est donc un double d\u00e9fi \u00e0 savoir, la cr\u00e9ation d\u2019offres sur mesure avec le souci de contenus sp\u00e9cifiques et la volont\u00e9 de promouvoir la philosophie.<\/p>\n\n\n\n<h2 class=\"wp-block-heading\">3)&nbsp;<strong><em>Qu\u2019est-ce qui te motive le plus dans ton activit\u00e9 au quotidien ?<\/em><\/strong><\/h2>\n\n\n\n<p>L\u2019\u00e9merveillement&nbsp;! Ce moment d\u2019arr\u00eat o\u00f9 l\u2019on d\u00e9couvre sa propre r\u00e9flexion par l\u2019effet du&nbsp;<em>thaumazein<\/em>&nbsp;ou le fait de s\u2019\u00e9tonner, d\u2019\u00e9veiller sa pens\u00e9e. Si par exemple \u00e0 la fin d\u2019un d\u00e9bat, de nouvelles perspectives de pens\u00e9es s\u2019ouvrent, c\u2019est alors que le&nbsp;<em>thaumazein<\/em>&nbsp;a r\u00e9ussi \u00e0 activer les bons leviers.<\/p>\n\n\n\n<p>Il y a aussi l\u2019apprentissage continu \u00e0 travers la triple \u00e9coute de son discours int\u00e9rieur, celui d\u2019Autrui tout en \u00e9tant dans une optique de construction et de ce qui est compris par les intervenants. Parfois, on oublie que l\u2019autre n\u2019est pas soi et qu\u2019il ne demande qu\u2019\u00e0 \u00eatre compris pour ce qu\u2019il est dans sa singularit\u00e9. Ainsi, d\u00e9velopper notre capacit\u00e9 d\u2019analyse et de compr\u00e9hension mutuelle est une opportunit\u00e9&nbsp;qui prend forme dans la rencontre&nbsp;!<\/p>\n\n\n\n<p>Pythagore a dit&nbsp;:&nbsp;\u00ab&nbsp;<em>La philosophie est la m\u00e8re de toute les sciences<\/em>&nbsp;\u00bb. Et lorsque l\u2019on saisit l\u2019importance de la philosophie dans la constitution de notre histoire et de notre culture, nous ne pouvons plus penser sans elle. Ainsi, ce constat lors de mes activit\u00e9s \u00e0 savoir pouvoir observer \u00e0 quel point nous avons tous besoin de la philosophie vient confirmer mon engagement.https:\/\/www.instagram.com\/p\/B6MIORjgy5m\/embed\/captioned\/?cr=1&amp;v=12&amp;wp=1080&amp;rd=https%3A%2F%2Fmouz.fr&amp;rp=%2Finspiration%2Finterview-travailler-sa-pensee-philosophie%2F#%7B%22ci%22%3A0%2C%22os%22%3A2951%2C%22ls%22%3A2726%2C%22le%22%3A2949%7D<\/p>\n\n\n\n<h2 class=\"wp-block-heading\">4)&nbsp;<strong><em>Comment fais-tu pour trouver un \u00e9quilibre entre ton activit\u00e9 professionnelle et tes projets personnels&nbsp;?<\/em><\/strong><\/h2>\n\n\n\n<p>Je consid\u00e8re que les deux sont imbriqu\u00e9s. Ce sont deux facettes d\u2019une m\u00eame pi\u00e8ce. Je suis la m\u00eame personne dans ma vie personnelle et professionnelle et j\u2019ai r\u00e9ussi \u00e0 trouver un certain \u00e9quilibre parce qu\u2019il y a du sens dans ce que je fais. Assez jeune, j\u2019ai d\u00e9couvert la philosophie. Elle appara\u00eet aujourd\u2019hui pour moi un peu comme une boussole, en orientant ma fa\u00e7on d\u2019\u00eatre et de faire.<\/p>\n\n\n\n<p>Lors de notre entr\u00e9e en premi\u00e8re ann\u00e9e de philosophie, je me souviens qu\u2019un de mes professeurs m\u2019avait dit :&nbsp;<em>\u00ab&nbsp;vous ne gagnerez pas beaucoup d\u2019argent et aurez peu de possibilit\u00e9 de carri\u00e8re \u00bb<\/em>. D\u00e8s le d\u00e9but de mon cursus je savais alors que je devrais cr\u00e9er mon activit\u00e9. Surtout si je voulais permettre \u00e0 chacun d\u2019acc\u00e9der aux b\u00e9n\u00e9fices de la philosophie tout en vivant de ma passion.<\/p>\n\n\n\n<h2 class=\"wp-block-heading\">5)&nbsp;<strong><em>Est-ce que tu consid\u00e8res qu\u2019apprendre \u00e0 mieux se conna\u00eetre est b\u00e9n\u00e9fique pour mieux vivre&nbsp;?<\/em><\/strong><\/h2>\n\n\n\n<p>Peut-\u00eatre que la question \u00e0 se poser serait&nbsp;<em>\u00ab&nbsp;\u00e0 quel point je me connais&nbsp;?&nbsp;\u00bb<\/em>. Et plus globalement,&nbsp;<em>\u00ab&nbsp;conna\u00eetre la v\u00e9rit\u00e9 est-ce essentiel pour mieux-vivre&nbsp;?&nbsp;\u00bb.<\/em>&nbsp;Si cela peut parfois nous apporter des r\u00e9ponses, cela nous am\u00e8ne \u00e0 \u00e9voluer en permanence tout en se demandant&nbsp;<em>\u00ab&nbsp;est-ce qu\u2019il ne faudrait finalement pas vivre dans l\u2019insouciance&nbsp;?&nbsp;\u00bb<\/em>.<\/p>\n\n\n\n<blockquote class=\"wp-block-quote is-layout-flow wp-block-quote-is-layout-flow\">\n<p><em>\u00ab<\/em>&nbsp;La philosophie est la seule science qui se questionne sur elle-m\u00eame.&nbsp;<em>\u00bb<\/em><\/p>\n<\/blockquote>\n\n\n\n<p>La capacit\u00e9 \u00e0 devenir un sujet pensant n\u2019est pas chose facile m\u00eame si tout le monde la poss\u00e8de en soi. Acqu\u00e9rir un esprit critique demande un certain engagement et r\u00e9ussir \u00e0 pouvoir penser par soi-m\u00eame est un travail au quotidien. On a tous la capacit\u00e9 de penser par soi-m\u00eame, libre \u00e0 nous de l\u2019activer.<\/p>\n\n\n\n<h2 class=\"wp-block-heading\">6)&nbsp;<strong><em>Dans ton quotidien, qu\u2019est-ce qui t\u2019aide \u00e0 prendre les d\u00e9cisions justes et \u00e0 avoir confiance en toi&nbsp;?<\/em><\/strong><\/h2>\n\n\n\n<p>Je me dirige dans la vie en fonction de mes objectifs et de mes valeurs en me demandant<em>&nbsp;\u00ab&nbsp;qu\u2019est-ce qui est conforme \u00e0 mes valeurs&nbsp;? \u00bb<\/em>. En philosophie, l\u2019\u00e9thique repr\u00e9sente la construction des valeurs et se distingue de la morale. Pour ce qui est de la justesse de mes d\u00e9cisions, je ne sais pas si elles sont toujours justes mais en tout cas, je fais en sorte qu\u2019elles soient conformes \u00e0 mes principes et \u00e0 mes objectifs.<\/p>\n\n\n\n<p>Au fond, avoir la capacit\u00e9 \u00e0 m\u2019\u00e9tonner moi-m\u00eame face aux d\u00e9fis de l\u2019existence, c\u2019est ce qui me&nbsp;<a rel=\"noreferrer noopener\" href=\"https:\/\/mouz.fr\/inspiration\/interview-formatrice-prise-de-parole-confiance-en-soi\/\" target=\"_blank\">donne de la confiance<\/a>&nbsp;et de la motivation. Prioriser certaines valeurs vis \u00e0 vis des objectifs est un choix et les deux sont pour moi li\u00e9s. Car pour accomplir ce qui m\u2019anime, je souhaite respecter mon \u00e9thique personnelle.<\/p>\n\n\n\n<p>La philosophie est la seule science qui se questionne sur elle-m\u00eame. Elle se remet en permanence en question et c\u2019est ce principe que j\u2019essaie d\u2019appliquer lorsque je prends des d\u00e9cisions.<\/p>\n\n\n\n<h2 class=\"wp-block-heading\">7)<strong><em>&nbsp;Pour continuer \u00e0 \u00e9voluer sur le plan personnel et professionnel,&nbsp;<strong><em>quelles sont tes aspirations<\/em><\/strong>&nbsp;?<\/em><\/strong><\/h2>\n\n\n\n<p>J\u2019ai besoin de continuer \u00e0 apprendre, \u00e0 me former et \u00e0 rester dans cette optique de d\u00e9couvertes permanentes pour me sentir \u00e9panouie. Quoi que je fasse \u00e0 l\u2019avenir, je sais que j\u2019apprendrai autant dans ce que je r\u00e9ussirai que dans ce que j\u2019\u00e9chouerai.<\/p>\n\n\n\n<blockquote class=\"wp-block-quote is-layout-flow wp-block-quote-is-layout-flow\">\n<p><em>\u00ab<\/em>&nbsp;Partager les outils de la philosophie pour qu\u2019ils deviennent accessibles \u00e0 tous afin que chacun puisse d\u00e9velopper son esprit critique.&nbsp;<em>\u00bb<\/em><\/p>\n<\/blockquote>\n\n\n\n<p>Mon ambition d\u2019\u0153uvrer pour faire d\u00e9couvrir la philosophie pourrait se d\u00e9velopper sous de nouvelles formes et dans d\u2019autres structures. Avec des personnes qui diffuseraient ce message. Partager les outils de la philosophie pour qu\u2019ils deviennent accessibles \u00e0 tous afin que chacun puisse d\u00e9velopper son esprit critique.<\/p>\n\n\n\n<h2 class=\"wp-block-heading\">8)&nbsp;<strong><em>\u00c0 toutes les personnes qui d\u00e9couvrent ton parcours de vie et qui cherchent \u00e0 construire leur propre chemin, qu\u2019aimerais-tu leur dire&nbsp;?<\/em><\/strong><\/h2>\n\n\n\n<p>Je pense qu\u2019il faut croire en ses id\u00e9aux. C\u2019est tout \u00e0 fait possible d\u2019atteindre ses objectifs mais il faut s\u2019en donner les moyens. Cela implique une confrontation au r\u00e9el tout comme le fait d\u2019apprendre \u00e0 mieux se conna\u00eetre. Savoir faire la diff\u00e9rence entre son ambition, ce que l\u2019on souhaite r\u00e9aliser et ce qui sera utile :&nbsp;<em>\u00ab&nbsp;qu\u2019est qui dans mon id\u00e9al aidera et\/ou sera utile aux autres&nbsp;?&nbsp;\u00bb<\/em>.<\/p>\n\n\n\n<p>Parfois, il faut accepter d\u2019\u00e9chouer pour atteindre notre objectif un peu plus tard et savoir revisiter sa strat\u00e9gie. Il est \u00e9galement important de ne pas n\u00e9gliger l\u2019environnement dans lequel on \u00e9volue.<\/p>\n\n\n\n<p>\u00c0 travers l\u2019all\u00e9gorie de la caverne,&nbsp;<em>Platon<\/em>&nbsp;nous questionne justement l\u00e0-dessus.&nbsp;<em>\u00ab&nbsp;Est-ce que je pr\u00e9f\u00e8re rester dans l\u2019obscurit\u00e9 de ma caverne, ou est-ce que j\u2019en sors et je prends le risque d\u2019une rencontre avec la lumi\u00e8re&nbsp;?&nbsp;\u00bb.&nbsp;<\/em>Si la philosophie permet de travailler sa pens\u00e9e, c\u2019est bien \u00e0 chacun d\u2019explorer et de trouver ce qui a du sens pour soi, et pour les autres.<\/p>\n\n\n\n<h3 class=\"wp-block-heading\"><strong>\u27a1\ufe0f Avant de terminer, j\u2019aimerais te proposer le jeu du portrait chinois ! C\u2019est un jeu litt\u00e9raire qui permet d\u2019en savoir plus sur ta personnalit\u00e9. Pr\u00eate ? \ud83c\udfad<\/strong><\/h3>\n\n\n\n<p><strong>Si tu \u00e9tais un animal tu serais&nbsp;?<\/strong>&nbsp;Une cigogne \ud83d\udd4a pour prendre de la hauteur et garder l\u2019\u00e9quilibre.<\/p>\n\n\n\n<p><strong>Un super h\u00e9ros&nbsp;:&nbsp;<\/strong>un super-plombier \ud83d\udd27 avec une bo\u00eete \u00e0 outils philosophique.<\/p>\n\n\n\n<p><strong>Un super pouvoir&nbsp;:<\/strong>&nbsp;rendre discr\u00e8tement les gens heureux \ud83d\ude0c sans qu\u2019ils s\u2019en rendent compte.<\/p>\n\n\n\n<p><strong>Un d\u00e9faut&nbsp;:<\/strong>&nbsp;perfectionniste \ud83e\udd37\ud83c\udffb\u200d\u2640\ufe0f cela implique parfois de ne pas \u00eatre comprise.<\/p>\n\n\n\n<p><strong>Une qualit\u00e9&nbsp;:<\/strong>&nbsp;id\u00e9aliste \ud83d\udcad cela aide \u00e0 imaginer le monde et \u00e0 trouver des solutions.<\/p>\n\n\n\n<p><strong>Et la&nbsp;citation&nbsp;qui te caract\u00e9riserait le mieux ?<\/strong>&nbsp;<em>\u00ab&nbsp;On ne peut pas r\u00e9soudre un probl\u00e8me avec les modes de pens\u00e9es qui l\u2019ont engendr\u00e9.&nbsp;\u00bb<\/em>&nbsp;Albert Einstein<\/p>\n\n\n\n<p><strong>Un livre \u00e0 conseiller aux lecteurs qui souhaitent s\u2019initier \u00e0 la philosophie ?<\/strong>&nbsp;Le roman philosophique \u00ab&nbsp;Le monde de Sophie&nbsp;\u00bb de l\u2019\u00e9crivain Jostein Gaarder.<\/p>\n","protected":false},"excerpt":{"rendered":"<p>&#8212;&#8211; La philosophie est une discipline assez peu pratiqu\u00e9e en France, en dehors des \u00e9coles et des universit\u00e9s. Agathe, consultante en philosophie&nbsp;depuis une dizaines d\u2019ann\u00e9es nous propose ici de d\u00e9couvrir ou de red\u00e9couvrir les subtilit\u00e9s de la philosophie. D\u00e9couvrez le point de vue de cette passionn\u00e9e, autour de cette science de la pens\u00e9e\u2026Temps de lecture [&hellip;]<\/p>\n","protected":false},"author":1,"featured_media":30,"comment_status":"open","ping_status":"open","sticky":false,"template":"","format":"standard","meta":{"footnotes":""},"categories":[33],"tags":[39],"class_list":["post-15","post","type-post","status-publish","format-standard","has-post-thumbnail","hentry","category-interview","tag-espritcritique-penserparsoimeme-reflexion-philosopher-interview-travaillersapensee-accompagnement-institutcogito-autonomiedelapensee"],"aioseo_notices":[],"_links":{"self":[{"href":"https:\/\/agathevidal.fr\/index.php?rest_route=\/wp\/v2\/posts\/15","targetHints":{"allow":["GET"]}}],"collection":[{"href":"https:\/\/agathevidal.fr\/index.php?rest_route=\/wp\/v2\/posts"}],"about":[{"href":"https:\/\/agathevidal.fr\/index.php?rest_route=\/wp\/v2\/types\/post"}],"author":[{"embeddable":true,"href":"https:\/\/agathevidal.fr\/index.php?rest_route=\/wp\/v2\/users\/1"}],"replies":[{"embeddable":true,"href":"https:\/\/agathevidal.fr\/index.php?rest_route=%2Fwp%2Fv2%2Fcomments&post=15"}],"version-history":[{"count":3,"href":"https:\/\/agathevidal.fr\/index.php?rest_route=\/wp\/v2\/posts\/15\/revisions"}],"predecessor-version":[{"id":119,"href":"https:\/\/agathevidal.fr\/index.php?rest_route=\/wp\/v2\/posts\/15\/revisions\/119"}],"wp:featuredmedia":[{"embeddable":true,"href":"https:\/\/agathevidal.fr\/index.php?rest_route=\/wp\/v2\/media\/30"}],"wp:attachment":[{"href":"https:\/\/agathevidal.fr\/index.php?rest_route=%2Fwp%2Fv2%2Fmedia&parent=15"}],"wp:term":[{"taxonomy":"category","embeddable":true,"href":"https:\/\/agathevidal.fr\/index.php?rest_route=%2Fwp%2Fv2%2Fcategories&post=15"},{"taxonomy":"post_tag","embeddable":true,"href":"https:\/\/agathevidal.fr\/index.php?rest_route=%2Fwp%2Fv2%2Ftags&post=15"}],"curies":[{"name":"wp","href":"https:\/\/api.w.org\/{rel}","templated":true}]}}