{"id":147,"date":"2023-11-15T08:23:00","date_gmt":"2023-11-15T08:23:00","guid":{"rendered":"https:\/\/agathevidal.com\/?p=147"},"modified":"2023-10-26T20:14:40","modified_gmt":"2023-10-26T20:14:40","slug":"quest-ce-quetre-citoyen","status":"publish","type":"post","link":"https:\/\/agathevidal.fr\/?p=147","title":{"rendered":"Qu\u2019est ce qu\u2019\u00eatre citoyen ?"},"content":{"rendered":"\n<p>Une r\u00e9flexion afin d\u2019apprendre des erreurs engendr\u00e9es par le grand d\u00e9bat sur la notion d\u2019identit\u00e9 nationale, j\u2019en appelle \u00e0 libert\u00e9 de chacun.<\/p>\n\n\n\n<p>La p\u00e9riode actuelle met en avant les doutes sur la notion de d\u00e9mocratie mais comment y r\u00e9pondre sans faire l\u2019\u00e9conomie d\u2019une r\u00e9flexion sur l\u2019existence des droits et s\u2019approprier une connaissance de notre syt\u00e8me gouvernemental , de ses services, ses minist\u00e8res, ses bureaux ?<br>Conna\u00eetre les acteurs de notre soci\u00e9t\u00e9 civile ne serait t\u2019il pas n\u00e9cessaire ?<\/p>\n\n\n\n<p>Le travail de , Catherine Tourette &#8211; Turgis est un exemple dans le domaines de la sant\u00e9 et des vuln\u00e9rabilit\u00e9s mais qu\u2019en est t\u2019il des autres minist\u00e8res et autres champs d\u2019actions ?<\/p>\n\n\n\n<p>De tous ceux pour qui pour des raisons sociales \u00e9conomiques ou territoriales n\u2019ont pas acc\u00e8s \u00e0 ces informations et aux leviers d\u2019actions ?<\/p>\n\n\n\n<p>Comment leur demander de pouvoir exercer leur droit de votre et d\u2019\u00eatre un \u00ab&nbsp;bon&nbsp;\u00bb citoyen face \u00e0 une ignorance de fonctionnement de notre syst\u00e8me et des lois qui le r\u00e9gisse?<br>Pouvons nous \u00eatre \u00ab&nbsp; une soci\u00e9t\u00e9 d\u00e9mocratique&nbsp;\u00bb sans la participation active des citoyens ?<\/p>\n\n\n\n<p>Cette volont\u00e9 est pourtant pr\u00e9sente, le cri des gilets jaunes en est un exemple n\u00e9anmoins nous somme encore confront\u00e9 \u00e0 la difficult\u00e9 de r\u00e9pondre \u00e0 la question :<br>\u00ab\u00a0Qu\u2019est ce qu\u2019\u00eatre citoyen ?\u00a0\u00bb<br>Comment cela s\u2019incarne t\u2019il dans un \u00e9tat de droits ?<\/p>\n\n\n\n<p>Pourquoi ne pas s\u2019approprier ces questions et mesurer les connaissances de notre entourage sur ces questions?<br>Pour les parents c\u2019est une invitation au d\u00e9bat philosophique !<br>Pour les entreprises cela peut \u00eatre une opportunit\u00e9 d\u2019interroger leurs valeurs, leur raison d\u2019\u00eatre et leur apport RSE!<\/p>\n\n\n\n<p><br>Pour les associations et les acteurs de terrains l\u2019occasion d\u2019un partage de vos actions qui incarne la d\u00e9mocratie dans un \u00e9tat de droits?<\/p>\n\n\n\n<p><\/p>\n\n\n\n<figure class=\"wp-block-image size-full\"><img loading=\"lazy\" decoding=\"async\" width=\"828\" height=\"554\" src=\"http:\/\/agathevidal.com\/wp-content\/uploads\/2023\/10\/IMG_6226.jpeg\" alt=\"\" class=\"wp-image-148\" srcset=\"https:\/\/agathevidal.fr\/wp-content\/uploads\/2023\/10\/IMG_6226.jpeg 828w, https:\/\/agathevidal.fr\/wp-content\/uploads\/2023\/10\/IMG_6226-300x201.jpeg 300w, https:\/\/agathevidal.fr\/wp-content\/uploads\/2023\/10\/IMG_6226-768x514.jpeg 768w\" sizes=\"auto, (max-width: 828px) 100vw, 828px\" \/><\/figure>\n","protected":false},"excerpt":{"rendered":"<p>Une r\u00e9flexion afin d\u2019apprendre des erreurs engendr\u00e9es par le grand d\u00e9bat sur la notion d\u2019identit\u00e9 nationale, j\u2019en appelle \u00e0 libert\u00e9 de chacun. La p\u00e9riode actuelle met en avant les doutes sur la notion de d\u00e9mocratie mais comment y r\u00e9pondre sans faire l\u2019\u00e9conomie d\u2019une r\u00e9flexion sur l\u2019existence des droits et s\u2019approprier une connaissance de notre syt\u00e8me [&hellip;]<\/p>\n","protected":false},"author":1,"featured_media":0,"comment_status":"open","ping_status":"open","sticky":false,"template":"","format":"standard","meta":{"footnotes":""},"categories":[35],"tags":[],"class_list":["post-147","post","type-post","status-publish","format-standard","hentry","category-reflexions"],"aioseo_notices":[],"_links":{"self":[{"href":"https:\/\/agathevidal.fr\/index.php?rest_route=\/wp\/v2\/posts\/147","targetHints":{"allow":["GET"]}}],"collection":[{"href":"https:\/\/agathevidal.fr\/index.php?rest_route=\/wp\/v2\/posts"}],"about":[{"href":"https:\/\/agathevidal.fr\/index.php?rest_route=\/wp\/v2\/types\/post"}],"author":[{"embeddable":true,"href":"https:\/\/agathevidal.fr\/index.php?rest_route=\/wp\/v2\/users\/1"}],"replies":[{"embeddable":true,"href":"https:\/\/agathevidal.fr\/index.php?rest_route=%2Fwp%2Fv2%2Fcomments&post=147"}],"version-history":[{"count":3,"href":"https:\/\/agathevidal.fr\/index.php?rest_route=\/wp\/v2\/posts\/147\/revisions"}],"predecessor-version":[{"id":168,"href":"https:\/\/agathevidal.fr\/index.php?rest_route=\/wp\/v2\/posts\/147\/revisions\/168"}],"wp:attachment":[{"href":"https:\/\/agathevidal.fr\/index.php?rest_route=%2Fwp%2Fv2%2Fmedia&parent=147"}],"wp:term":[{"taxonomy":"category","embeddable":true,"href":"https:\/\/agathevidal.fr\/index.php?rest_route=%2Fwp%2Fv2%2Fcategories&post=147"},{"taxonomy":"post_tag","embeddable":true,"href":"https:\/\/agathevidal.fr\/index.php?rest_route=%2Fwp%2Fv2%2Ftags&post=147"}],"curies":[{"name":"wp","href":"https:\/\/api.w.org\/{rel}","templated":true}]}}