{"id":143,"date":"2023-10-22T08:16:51","date_gmt":"2023-10-22T08:16:51","guid":{"rendered":"https:\/\/agathevidal.com\/?p=143"},"modified":"2023-10-22T16:45:55","modified_gmt":"2023-10-22T16:45:55","slug":"mais-tu-vas-arreter-de-te-battre-contre-des-moulins-a-vent","status":"publish","type":"post","link":"https:\/\/agathevidal.fr\/?p=143","title":{"rendered":"Mais tu vas arr\u00eater de te battre contre des moulins \u00e0 vent !"},"content":{"rendered":"\n<p>D\u00e9sol\u00e9e mais ma professeur d\u2019\u00e9ducation civique m\u2019a inculqu\u00e9 la passion des questions de citoyennet\u00e9 garce \u00e0 son cours d\u2019\u00e9ducation&nbsp;&nbsp;civique et m\u2019a appris que l\u2019on avait des droits !<\/p>\n\n\n\n<p>Alors&nbsp;&nbsp;que r\u00e9solument&nbsp;&nbsp;oui c\u2019\u00e9tait affich\u00e9 partout il y avait m\u00eame des num\u00e9ros gratuits mais vivant dans une petite ville du sud pour y acc\u00e9der cela devait&nbsp;&nbsp;passer par :<\/p>\n\n\n\n<p>trouver un bus (lorsqu\u2019il y en a) , puis prendre un train , puis trouver un lieu et s\u2019entendre dire qu\u2019il n\u2019y a pas d\u2019association existante ou encore d\u2019aller voir un avocat qui accepte l\u2019aide juridictionnelle\u2026<\/p>\n\n\n\n<p>Plus tard j\u2019ai fait la rencontre de Francois Chouquet prof de philosophie en DAEU , \u00e0 Paris 7&nbsp;&nbsp;&nbsp;Il m\u2019a d\u00e9montr\u00e9 par son engagement au pr\u00e8s du public carc\u00e9ral&nbsp;&nbsp;et des&nbsp;&nbsp;sans papiers, qu\u2019une soci\u00e9t\u00e9 civile existe bel est bien malgr\u00e9 ses disparit\u00e9s.<\/p>\n\n\n\n<p>Puis j\u2019ai assist\u00e9 \u00e0 la plusieurs conf\u00e9rences et s\u00e9minaires dans le cadre de mes \u00e9tudes persuad\u00e9e que la mutilation des disciples \u00e9tait la seule fa\u00e7on de comprendre la syst\u00e9mique de ma probl\u00e9matique , j\u2019ai alors souhait\u00e9 poursuivre mon travail de recherche dans le cadre d\u2019une th\u00e8se mais l\u00e0 encore cela demandait une approche pluridisciplinaire or je n\u2019\u00e9tait pas sociologue et ayant un niveau master je n\u2019ai pu rejoindre la seule \u00e9cole&nbsp;&nbsp;a l\u2019\u00e9poque qui pratiquait cette approche.<\/p>\n\n\n\n<p>Alors que pendant le m\u00eame temps je voyais l\u2019universit\u00e9 s\u2019effondrait et les laboratoires petit \u00e0 petit ferm\u00e9 , je comprenais pas pourquoi chacun pr\u00e9f\u00e8re garder sa case au risque de la voir et mourir plut\u00f4t que d\u2019ouvrir le champ de la recherche.<\/p>\n\n\n\n<p>Aujourd\u2019hui encore , j\u2019encha\u00eene les constats d\u2019impuissance face \u00e0 des restrictions et des probl\u00e8mes structurels et humains.<\/p>\n\n\n\n<p>Ma question n\u2019est donc pas tellement de me battre pour r\u00e9aliser mon objectif mais plut\u00f4t  de comprendre comment nous avons pu  arriver la ..<\/p>\n\n\n\n<p>Si Alexandre MALAFAYE nous en dit plus sur  mod\u00e8le de la d\u00e9mocratie e bas\u00e9e sur une division l\u2019 impuissance des acteurs majeurs de notre soci\u00e9t\u00e9 ne fait renforcer le fausse entre les textes et leur application comment alors penser une soci\u00e9t\u00e9 instituante ?<\/p>\n\n\n\n<p>voir Paul L\u00d6WENTHAL<\/p>\n\n\n\n<p>Afin de r\u00e9pondre a  cette question analysons le constat  Philippe Caumi\u00e8res  car  il ne s\u2019agit pas tant de se battre contre mais voir de collaborer afin d\u2019\u00eatre des sujets institu\u00e9s afin d\u2019honorer la m\u00e9moire de mes professeurs.<\/p>\n","protected":false},"excerpt":{"rendered":"<p>D\u00e9sol\u00e9e mais ma professeur d\u2019\u00e9ducation civique m\u2019a inculqu\u00e9 la passion des questions de citoyennet\u00e9 garce \u00e0 son cours d\u2019\u00e9ducation&nbsp;&nbsp;civique et m\u2019a appris que l\u2019on avait des droits ! Alors&nbsp;&nbsp;que r\u00e9solument&nbsp;&nbsp;oui c\u2019\u00e9tait affich\u00e9 partout il y avait m\u00eame des num\u00e9ros gratuits mais vivant dans une petite ville du sud pour y acc\u00e9der cela devait&nbsp;&nbsp;passer par : [&hellip;]<\/p>\n","protected":false},"author":1,"featured_media":0,"comment_status":"open","ping_status":"open","sticky":false,"template":"","format":"standard","meta":{"footnotes":""},"categories":[34,35],"tags":[],"class_list":["post-143","post","type-post","status-publish","format-standard","hentry","category-article","category-reflexions"],"aioseo_notices":[],"_links":{"self":[{"href":"https:\/\/agathevidal.fr\/index.php?rest_route=\/wp\/v2\/posts\/143","targetHints":{"allow":["GET"]}}],"collection":[{"href":"https:\/\/agathevidal.fr\/index.php?rest_route=\/wp\/v2\/posts"}],"about":[{"href":"https:\/\/agathevidal.fr\/index.php?rest_route=\/wp\/v2\/types\/post"}],"author":[{"embeddable":true,"href":"https:\/\/agathevidal.fr\/index.php?rest_route=\/wp\/v2\/users\/1"}],"replies":[{"embeddable":true,"href":"https:\/\/agathevidal.fr\/index.php?rest_route=%2Fwp%2Fv2%2Fcomments&post=143"}],"version-history":[{"count":4,"href":"https:\/\/agathevidal.fr\/index.php?rest_route=\/wp\/v2\/posts\/143\/revisions"}],"predecessor-version":[{"id":153,"href":"https:\/\/agathevidal.fr\/index.php?rest_route=\/wp\/v2\/posts\/143\/revisions\/153"}],"wp:attachment":[{"href":"https:\/\/agathevidal.fr\/index.php?rest_route=%2Fwp%2Fv2%2Fmedia&parent=143"}],"wp:term":[{"taxonomy":"category","embeddable":true,"href":"https:\/\/agathevidal.fr\/index.php?rest_route=%2Fwp%2Fv2%2Fcategories&post=143"},{"taxonomy":"post_tag","embeddable":true,"href":"https:\/\/agathevidal.fr\/index.php?rest_route=%2Fwp%2Fv2%2Ftags&post=143"}],"curies":[{"name":"wp","href":"https:\/\/api.w.org\/{rel}","templated":true}]}}