{"id":11,"date":"2022-02-09T13:20:00","date_gmt":"2022-02-09T13:20:00","guid":{"rendered":"http:\/\/www.agathevidal.com\/?p=11"},"modified":"2022-09-13T15:40:13","modified_gmt":"2022-09-13T15:40:13","slug":"comment-la-philosophie-nous-eclaire-au-quotidien","status":"publish","type":"post","link":"https:\/\/agathevidal.fr\/?p=11","title":{"rendered":"Comment la philosophie nous \u00e9claire au quotidien ?"},"content":{"rendered":"\n<p><img decoding=\"async\" src=\"https:\/\/static.wixstatic.com\/media\/77e05e_70b70904a3ef4b84bb5e0e3e014322bb~mv2.jpg\/v1\/fill\/w_863,h_576,al_c,lg_1,q_85,enc_auto\/77e05e_70b70904a3ef4b84bb5e0e3e014322bb~mv2.jpg\" alt=\"\"><\/p>\n\n\n\n<p id=\"viewer-9phrp\">Suite aux pr\u00e9c\u00e9dentes \u00e9missions sur le th\u00e8me de l\u2019acceptation je vous propose un exercice de philosophie pratique.&nbsp;<\/p>\n\n\n\n<p id=\"viewer-a986b\">Tout comme le sport on va entra\u00eener nos corps, nos pens\u00e9es, \u00e9couter nos \u00e9motions afin de r\u00e9pondre \u00e0 cette affirmation :<\/p>\n\n\n\n<p id=\"viewer-8pn19\">\u00ab&nbsp;Je n\u2019accepte pas : je me sens d\u00e9poss\u00e9d\u00e9\u2026&nbsp;\u00bb<\/p>\n\n\n\n<p id=\"viewer-blnsl\">Partons dans cette qu\u00eate de soi-m\u00eame en explorant philosophiquement le corps et comment il nous aide \u00e0 la pens\u00e9e..<\/p>\n\n\n\n<p id=\"viewer-andgd\">Ce sentiment peut intervenir \u00e0 de bourbeuses occasions, lorsque une situation fait \u00e9cho \u00e0 des \u00e9motions, sentiments et peut induire des projections.&nbsp;<\/p>\n\n\n\n<p id=\"viewer-dumgd\">Comment alors regarder ce qu\u2019il se passe en nous ?<\/p>\n\n\n\n<p id=\"viewer-5lij1\">Que nous dit le corps ?<\/p>\n\n\n\n<p id=\"viewer-9re57\">Que r\u00e9v\u00e8le t\u2019il de nos \u00e9motions ?<\/p>\n\n\n\n<p id=\"viewer-ahuf7\">De la pr\u00e9sence de souvenirs ?<\/p>\n\n\n\n<p id=\"viewer-1et7a\">Dans l\u2019imm\u00e9diat le corps nous donne des indices afin d\u2019agir sur notre ressenti mais pour modifier sa vision il sera n\u00e9cessaire d\u2019interroger ce que cette sensation r\u00e9v\u00e8le de soi m\u00eame, de sa relation au corps, aux \u00e9motions \u00e0 son histoire ..<\/p>\n\n\n\n<p id=\"viewer-1ravo\">Se rendre compte de comment elle nous impacte \u00e0 la fois individuellement mais \u00e9galement dans notre rapport \u00e0 l\u2019autre.. Comment elle mod\u00e8le notre perception des situations, interpr\u00e8te les r\u00e9actions d\u2019Autrui..<\/p>\n\n\n\n<p id=\"viewer-3hn0m\">Elle va nous dire si l\u2019on entretien un bon rapport avec lui et nous donner l\u2019occasion d\u2019agir avec lui afin de les r\u00e9guler tout comme le flux de tes pens\u00e9s..&nbsp;<\/p>\n\n\n\n<p id=\"viewer-bjre7\">Qu\u2019est ce que se sentir d\u00e9poss\u00e9d\u00e9 ?<\/p>\n\n\n\n<p id=\"viewer-1ic6b\">Qu\u2019est ce que cela nous indique ?<\/p>\n\n\n\n<p id=\"viewer-58vuj\">Imm\u00e9diatement le premier r\u00e9flexe n\u2019est t\u2019il pas de reprendre \u00ab&nbsp;contact&nbsp;\u00bb soit l\u2019acceptation de son corps, son \u00e2me, son c\u0153ur et donc ses pens\u00e9es ?<\/p>\n\n\n\n<p id=\"viewer-7d61i\">De retrouver un nouvel entra\u00eenement ?<\/p>\n\n\n\n<p id=\"viewer-edd2l\">La prochaine th\u00e9matique de la chronique Questions de vie portera sur la Responsabilit\u00e9, \u00e0 savoir de quoi suis je responsable ?&nbsp;<\/p>\n","protected":false},"excerpt":{"rendered":"<p>Suite aux pr\u00e9c\u00e9dentes \u00e9missions sur le th\u00e8me de l\u2019acceptation je vous propose un exercice de philosophie pratique.&nbsp; Tout comme le sport on va entra\u00eener nos corps, nos pens\u00e9es, \u00e9couter nos \u00e9motions afin de r\u00e9pondre \u00e0 cette affirmation : \u00ab&nbsp;Je n\u2019accepte pas : je me sens d\u00e9poss\u00e9d\u00e9\u2026&nbsp;\u00bb Partons dans cette qu\u00eate de soi-m\u00eame en explorant philosophiquement [&hellip;]<\/p>\n","protected":false},"author":1,"featured_media":28,"comment_status":"open","ping_status":"open","sticky":false,"template":"","format":"standard","meta":{"footnotes":""},"categories":[35,1],"tags":[4,24,9,6,15,21,23,8,27,5,22,11,26,12,18,10,19,3,7,13,16,28,14,20,17,25],"class_list":["post-11","post","type-post","status-publish","format-standard","has-post-thumbnail","hentry","category-reflexions","category-uncategorized","tag-acceptation","tag-agir","tag-ame","tag-analyse","tag-coeur","tag-commentlaphilosopjienouseclaire","tag-comprendre","tag-corps","tag-ecoutedesoi","tag-exploration","tag-institutcogito","tag-liens","tag-observer","tag-pensses","tag-philosophiepratique","tag-projections","tag-questionsdevie","tag-quetes","tag-radioecclesia","tag-rapoetavecsoi","tag-reflexion","tag-reflexionducorps","tag-responsabilite","tag-sedecouvrir","tag-sport","tag-vouloirdominer"],"aioseo_notices":[],"_links":{"self":[{"href":"https:\/\/agathevidal.fr\/index.php?rest_route=\/wp\/v2\/posts\/11","targetHints":{"allow":["GET"]}}],"collection":[{"href":"https:\/\/agathevidal.fr\/index.php?rest_route=\/wp\/v2\/posts"}],"about":[{"href":"https:\/\/agathevidal.fr\/index.php?rest_route=\/wp\/v2\/types\/post"}],"author":[{"embeddable":true,"href":"https:\/\/agathevidal.fr\/index.php?rest_route=\/wp\/v2\/users\/1"}],"replies":[{"embeddable":true,"href":"https:\/\/agathevidal.fr\/index.php?rest_route=%2Fwp%2Fv2%2Fcomments&post=11"}],"version-history":[{"count":1,"href":"https:\/\/agathevidal.fr\/index.php?rest_route=\/wp\/v2\/posts\/11\/revisions"}],"predecessor-version":[{"id":12,"href":"https:\/\/agathevidal.fr\/index.php?rest_route=\/wp\/v2\/posts\/11\/revisions\/12"}],"wp:featuredmedia":[{"embeddable":true,"href":"https:\/\/agathevidal.fr\/index.php?rest_route=\/wp\/v2\/media\/28"}],"wp:attachment":[{"href":"https:\/\/agathevidal.fr\/index.php?rest_route=%2Fwp%2Fv2%2Fmedia&parent=11"}],"wp:term":[{"taxonomy":"category","embeddable":true,"href":"https:\/\/agathevidal.fr\/index.php?rest_route=%2Fwp%2Fv2%2Fcategories&post=11"},{"taxonomy":"post_tag","embeddable":true,"href":"https:\/\/agathevidal.fr\/index.php?rest_route=%2Fwp%2Fv2%2Ftags&post=11"}],"curies":[{"name":"wp","href":"https:\/\/api.w.org\/{rel}","templated":true}]}}